{"id":103028,"date":"2023-03-01T15:55:56","date_gmt":"2023-03-01T14:55:56","guid":{"rendered":"https:\/\/www.24zabrze.pl\/wiadomosci\/?p=103028"},"modified":"2023-03-01T15:55:56","modified_gmt":"2023-03-01T14:55:56","slug":"dawna-elektrocieplownia-ma-dolaczyc-do-postindustrialnych-perelek-zabrza","status":"publish","type":"post","link":"https:\/\/www.24zabrze.pl\/wiadomosci\/dawna-elektrocieplownia-ma-dolaczyc-do-postindustrialnych-perelek-zabrza\/","title":{"rendered":"Dawna elektrociep\u0142ownia ma do\u0142\u0105czy\u0107 do postindustrialnych pere\u0142ek Zabrza"},"content":{"rendered":"<div class=\"zabrz-a6-z-nad-leadem-artykulow zabrz-entity-placement\" id=\"zabrz-1734766013\"><div class=\"zabrz-adlabel\"><span style=\"font-size: 9px\">REKLAMA<\/span><\/div><div id=\"zabrz-1288009334\" style=\"margin-bottom: 30px;margin-left: auto;margin-right: auto;text-align: center;\"><a data-no-instant=\"1\" href=\"https:\/\/dom100.eu\/\" rel=\"noopener\" class=\"a2t-link\" target=\"_blank\" aria-label=\"20260415 DOM100 D\"><img loading=\"lazy\" decoding=\"async\" src=\"https:\/\/www.24zabrze.pl\/wiadomosci\/wp-content\/uploads\/2026\/02\/20260415-DOM100-D.jpg\" alt=\"\"  srcset=\"https:\/\/www.24zabrze.pl\/wiadomosci\/wp-content\/uploads\/2026\/02\/20260415-DOM100-D.jpg 750w, https:\/\/www.24zabrze.pl\/wiadomosci\/wp-content\/uploads\/2026\/02\/20260415-DOM100-D-410x109.jpg 410w\" sizes=\"(max-width: 750px) 100vw, 750px\" class=\"no-lazyload\" width=\"750\" height=\"200\"  style=\"display: inline-block; max-width: 100%; height: auto;\" \/><\/a><\/div><\/div><h2>Budynek starej zabrza\u0144skiej Elektrociep\u0142owni do\u0142\u0105czy do postindustrialnych pere\u0142ek, kt\u00f3rym miasto nada nowe funkcje z dba\u0142o\u015bci\u0105 o historyczne walory tego kompleks.<\/h2>\n<p>W historycznych zabudowaniach dyskutowano we wtorek o zagospodarowaniu i wykorzystaniu tych pi\u0119knych postindustrialnych przestrzeni. Miasto w listopadzie minionego roku sta\u0142o si\u0119 w\u0142a\u015bcicielem tego kompleksu, kt\u00f3ry stawia przed samorz\u0105dem nowe wyzwania.<\/p><div class=\"zabrz-a3-z-w-tresci-artykulow zabrz-entity-placement\" id=\"zabrz-3904671395\"><div class=\"zabrz-adlabel\"><span style=\"font-size: 9px\">REKLAMA<\/span><\/div><div id=\"zabrz-3509116418\" style=\"margin-bottom: 40px;margin-left: auto;margin-right: auto;text-align: center;\"><a data-no-instant=\"1\" href=\"https:\/\/ogrodyandersa.pl\/\" rel=\"noopener\" class=\"a2t-link\" target=\"_blank\" aria-label=\"20260415 Ogrody Andersa WYBIERZ MIESZKANIE D\"><img loading=\"lazy\" decoding=\"async\" src=\"https:\/\/www.24zabrze.pl\/wiadomosci\/wp-content\/uploads\/2026\/02\/20260415-Ogrody-Andersa-WYBIERZ-MIESZKANIE-D.jpg\" alt=\"\"  srcset=\"https:\/\/www.24zabrze.pl\/wiadomosci\/wp-content\/uploads\/2026\/02\/20260415-Ogrody-Andersa-WYBIERZ-MIESZKANIE-D.jpg 750w, https:\/\/www.24zabrze.pl\/wiadomosci\/wp-content\/uploads\/2026\/02\/20260415-Ogrody-Andersa-WYBIERZ-MIESZKANIE-D-410x109.jpg 410w\" sizes=\"(max-width: 750px) 100vw, 750px\" class=\"no-lazyload\" width=\"750\" height=\"200\"  style=\"display: inline-block; max-width: 100%; height: auto;\" \/><\/a><\/div><\/div>\n<p><a href=\"https:\/\/www.24zabrze.pl\/wiadomosci\/wp-content\/uploads\/2023\/03\/spotkanie-robocze-w-elektrocieplowni-luty-2023-fot.-Pawel-JaNic-Janicki-002-scaled-1.jpg\"><img loading=\"lazy\" decoding=\"async\" src=\"https:\/\/www.24zabrze.pl\/wiadomosci\/wp-content\/uploads\/2023\/03\/spotkanie-robocze-w-elektrocieplowni-luty-2023-fot.-Pawel-JaNic-Janicki-002-scaled-1.jpg\" alt=\"\" width=\"810\" height=\"540\" class=\"alignnone size-full wp-image-103030\" srcset=\"https:\/\/www.24zabrze.pl\/wiadomosci\/wp-content\/uploads\/2023\/03\/spotkanie-robocze-w-elektrocieplowni-luty-2023-fot.-Pawel-JaNic-Janicki-002-scaled-1.jpg 810w, https:\/\/www.24zabrze.pl\/wiadomosci\/wp-content\/uploads\/2023\/03\/spotkanie-robocze-w-elektrocieplowni-luty-2023-fot.-Pawel-JaNic-Janicki-002-scaled-1-348x232.jpg 348w, https:\/\/www.24zabrze.pl\/wiadomosci\/wp-content\/uploads\/2023\/03\/spotkanie-robocze-w-elektrocieplowni-luty-2023-fot.-Pawel-JaNic-Janicki-002-scaled-1-683x455.jpg 683w, https:\/\/www.24zabrze.pl\/wiadomosci\/wp-content\/uploads\/2023\/03\/spotkanie-robocze-w-elektrocieplowni-luty-2023-fot.-Pawel-JaNic-Janicki-002-scaled-1-768x512.jpg 768w\" sizes=\"auto, (max-width: 810px) 100vw, 810px\" \/><\/a><\/p>\n<p>Warto przypomnie\u0107, \u017ce w zakres przekazanych na rzecz samorz\u0105du nieruchomo\u015bci wchodzi mi\u0119dzy innymi kilkana\u015bcie dzia\u0142ek o \u0142\u0105cznej powierzchni ponad 5 ha oraz 18 budynk\u00f3w poprodukcyjnych dawnej Elektrociep\u0142owni, w sk\u0142ad kt\u00f3rych wchodz\u0105 m.in. budynek g\u0142\u00f3wny dyrekcji, budynek kot\u0142owni, budynek maszynowni, budynek rozdzielni 6 kV, budynek warsztatu mechanicznego, czy te\u017c budynek klubu, \u015bwietlicy, portierni.<\/p>\n<p><a href=\"https:\/\/www.24zabrze.pl\/wiadomosci\/wp-content\/uploads\/2023\/03\/spotkanie-robocze-w-elektrocieplowni-luty-2023-fot.-Pawel-JaNic-Janicki-031-scaled-1.jpg\"><img loading=\"lazy\" decoding=\"async\" src=\"https:\/\/www.24zabrze.pl\/wiadomosci\/wp-content\/uploads\/2023\/03\/spotkanie-robocze-w-elektrocieplowni-luty-2023-fot.-Pawel-JaNic-Janicki-031-scaled-1.jpg\" alt=\"\" width=\"810\" height=\"540\" class=\"alignnone size-full wp-image-103032\" srcset=\"https:\/\/www.24zabrze.pl\/wiadomosci\/wp-content\/uploads\/2023\/03\/spotkanie-robocze-w-elektrocieplowni-luty-2023-fot.-Pawel-JaNic-Janicki-031-scaled-1.jpg 810w, https:\/\/www.24zabrze.pl\/wiadomosci\/wp-content\/uploads\/2023\/03\/spotkanie-robocze-w-elektrocieplowni-luty-2023-fot.-Pawel-JaNic-Janicki-031-scaled-1-348x232.jpg 348w, https:\/\/www.24zabrze.pl\/wiadomosci\/wp-content\/uploads\/2023\/03\/spotkanie-robocze-w-elektrocieplowni-luty-2023-fot.-Pawel-JaNic-Janicki-031-scaled-1-683x455.jpg 683w, https:\/\/www.24zabrze.pl\/wiadomosci\/wp-content\/uploads\/2023\/03\/spotkanie-robocze-w-elektrocieplowni-luty-2023-fot.-Pawel-JaNic-Janicki-031-scaled-1-768x512.jpg 768w\" sizes=\"auto, (max-width: 810px) 100vw, 810px\" \/><\/a><\/p>\n<p>Kubatura obiekt\u00f3w znajduj\u0105cych si\u0119 na przekazywanych terenach przekracza 220 tys. m\u00b3 i jest por\u00f3wnywalna z kubatur\u0105 Zamku w Malborku (250 tys. m\u00b3). Warto\u015b\u0107 transakcji jest symboliczna i wynosi 100 z\u0142. W obr\u0119bie przekazywanego terenu zlokalizowane s\u0105 obiekty posiadaj\u0105ce warto\u015b\u0107 historyczn\u0105, kt\u00f3re mog\u0105 zosta\u0107 wykorzystane w celach kulturalno-edukacyjnych.<\/p>\n<p><a href=\"https:\/\/www.24zabrze.pl\/wiadomosci\/wp-content\/uploads\/2023\/03\/spotkanie-robocze-w-elektrocieplowni-luty-2023-fot.-Pawel-JaNic-Janicki-011-scaled-1.jpg\"><img loading=\"lazy\" decoding=\"async\" src=\"https:\/\/www.24zabrze.pl\/wiadomosci\/wp-content\/uploads\/2023\/03\/spotkanie-robocze-w-elektrocieplowni-luty-2023-fot.-Pawel-JaNic-Janicki-011-scaled-1.jpg\" alt=\"\" width=\"810\" height=\"540\" class=\"alignnone size-full wp-image-103031\" srcset=\"https:\/\/www.24zabrze.pl\/wiadomosci\/wp-content\/uploads\/2023\/03\/spotkanie-robocze-w-elektrocieplowni-luty-2023-fot.-Pawel-JaNic-Janicki-011-scaled-1.jpg 810w, https:\/\/www.24zabrze.pl\/wiadomosci\/wp-content\/uploads\/2023\/03\/spotkanie-robocze-w-elektrocieplowni-luty-2023-fot.-Pawel-JaNic-Janicki-011-scaled-1-348x232.jpg 348w, https:\/\/www.24zabrze.pl\/wiadomosci\/wp-content\/uploads\/2023\/03\/spotkanie-robocze-w-elektrocieplowni-luty-2023-fot.-Pawel-JaNic-Janicki-011-scaled-1-683x455.jpg 683w, https:\/\/www.24zabrze.pl\/wiadomosci\/wp-content\/uploads\/2023\/03\/spotkanie-robocze-w-elektrocieplowni-luty-2023-fot.-Pawel-JaNic-Janicki-011-scaled-1-768x512.jpg 768w\" sizes=\"auto, (max-width: 810px) 100vw, 810px\" \/><\/a><\/p>\n<p>By\u0142y w\u0142a\u015bciciel kompleksu \u2013 firma Fortum \u2013 w 2018 r., po ponad trzech latach od og\u0142oszenia decyzji inwestycyjnej, uroczy\u015bcie otworzy\u0142a Elektrociep\u0142owni\u0119 wielopaliwow\u0105, kt\u00f3ra sta\u0142a si\u0119 nowym energetycznym sercem naszego miasta. Uruchomiona jednostka to niskoemisyjne \u017ar\u00f3d\u0142o energii dla mieszka\u0144c\u00f3w Zabrza i Bytomia. Dzi\u0119ki inwestycji, emisja py\u0142\u00f3w spad\u0142a ponad jedenastokrotnie, emisja dwutlenku siarki ponad siedmiokrotnie, a tlenku azotu blisko trzykrotnie.<\/p>\n<p>(\u017cms)\/UM Zabrze<br \/>\nfot. UM Zabrze\/Pawe\u0142 JaNic Janicki<\/p>\n","protected":false},"excerpt":{"rendered":"<p>Budynek starej zabrza\u0144skiej Elektrociep\u0142owni do\u0142\u0105czy do postindustrialnych pere\u0142ek, kt\u00f3rym miasto nada nowe funkcje z dba\u0142o\u015bci\u0105 o historyczne walory tego kompleks. W historycznych zabudowaniach dyskutowano we wtorek o zagospodarowaniu i wykorzystaniu tych pi\u0119knych postindustrialnych przestrzeni. Miasto w listopadzie minionego roku sta\u0142o si\u0119 w\u0142a\u015bcicielem tego kompleksu, kt\u00f3ry stawia przed samorz\u0105dem nowe wyzwania. Warto przypomnie\u0107, \u017ce w zakres [&hellip;]<\/p>\n","protected":false},"author":17,"featured_media":103033,"comment_status":"closed","ping_status":"closed","sticky":false,"template":"","format":"standard","meta":{"_monsterinsights_skip_tracking":false,"_monsterinsights_sitenote_active":false,"_monsterinsights_sitenote_note":"","_monsterinsights_sitenote_category":0,"footnotes":"","_links_to":"","_links_to_target":""},"categories":[8,9,1],"tags":[],"class_list":["post-103028","post","type-post","status-publish","format-standard","has-post-thumbnail","hentry","category-referendum","category-stronaglowna","category-wszystko"],"_links":{"self":[{"href":"https:\/\/www.24zabrze.pl\/wiadomosci\/wp-json\/wp\/v2\/posts\/103028","targetHints":{"allow":["GET"]}}],"collection":[{"href":"https:\/\/www.24zabrze.pl\/wiadomosci\/wp-json\/wp\/v2\/posts"}],"about":[{"href":"https:\/\/www.24zabrze.pl\/wiadomosci\/wp-json\/wp\/v2\/types\/post"}],"author":[{"embeddable":true,"href":"https:\/\/www.24zabrze.pl\/wiadomosci\/wp-json\/wp\/v2\/users\/17"}],"replies":[{"embeddable":true,"href":"https:\/\/www.24zabrze.pl\/wiadomosci\/wp-json\/wp\/v2\/comments?post=103028"}],"version-history":[{"count":0,"href":"https:\/\/www.24zabrze.pl\/wiadomosci\/wp-json\/wp\/v2\/posts\/103028\/revisions"}],"wp:featuredmedia":[{"embeddable":true,"href":"https:\/\/www.24zabrze.pl\/wiadomosci\/wp-json\/wp\/v2\/media\/103033"}],"wp:attachment":[{"href":"https:\/\/www.24zabrze.pl\/wiadomosci\/wp-json\/wp\/v2\/media?parent=103028"}],"wp:term":[{"taxonomy":"category","embeddable":true,"href":"https:\/\/www.24zabrze.pl\/wiadomosci\/wp-json\/wp\/v2\/categories?post=103028"},{"taxonomy":"post_tag","embeddable":true,"href":"https:\/\/www.24zabrze.pl\/wiadomosci\/wp-json\/wp\/v2\/tags?post=103028"}],"curies":[{"name":"wp","href":"https:\/\/api.w.org\/{rel}","templated":true}]}}