{"id":101737,"date":"2022-12-02T15:13:06","date_gmt":"2022-12-02T14:13:06","guid":{"rendered":"https:\/\/www.24zabrze.pl\/wiadomosci\/?p=101737"},"modified":"2022-12-02T15:13:06","modified_gmt":"2022-12-02T14:13:06","slug":"gwaltowne-hamowanie-autobusu-mala-dziewczynka-doznala-obrazen-poszukiwani-sa-swiadkowie","status":"publish","type":"post","link":"https:\/\/www.24zabrze.pl\/wiadomosci\/gwaltowne-hamowanie-autobusu-mala-dziewczynka-doznala-obrazen-poszukiwani-sa-swiadkowie\/","title":{"rendered":"Gwa\u0142towne hamowanie autobusu, ma\u0142a dziewczynka dozna\u0142a obra\u017ce\u0144. Poszukiwani s\u0105 \u015bwiadkowie"},"content":{"rendered":"<div class=\"zabrz-a6-z-nad-leadem-artykulow zabrz-entity-placement\" id=\"zabrz-2131471767\"><div class=\"zabrz-adlabel\"><span style=\"font-size: 9px\">REKLAMA<\/span><\/div><div id=\"zabrz-889569115\" style=\"margin-bottom: 30px;margin-left: auto;margin-right: auto;text-align: center;\"><a data-no-instant=\"1\" href=\"https:\/\/dom100.eu\/\" rel=\"noopener\" class=\"a2t-link\" target=\"_blank\" aria-label=\"20260415 DOM100 D\"><img loading=\"lazy\" decoding=\"async\" src=\"https:\/\/www.24zabrze.pl\/wiadomosci\/wp-content\/uploads\/2026\/02\/20260415-DOM100-D.jpg\" alt=\"\"  srcset=\"https:\/\/www.24zabrze.pl\/wiadomosci\/wp-content\/uploads\/2026\/02\/20260415-DOM100-D.jpg 750w, https:\/\/www.24zabrze.pl\/wiadomosci\/wp-content\/uploads\/2026\/02\/20260415-DOM100-D-410x109.jpg 410w\" sizes=\"(max-width: 750px) 100vw, 750px\" class=\"no-lazyload\" width=\"750\" height=\"200\"  style=\"display: inline-block; max-width: 100%; height: auto;\" \/><\/a><\/div><\/div><h2>Nieznany sprawca jad\u0105c samochodem, nie ust\u0105pi\u0142 pierwsze\u0144stwa przejazdu autobusowi linii numer 111, w wyniku czego ten musia\u0142 gwa\u0142townie zahamowa\u0107. W trakcie zdarzenia obra\u017ce\u0144 g\u0142owy dozna\u0142a 4-letnia pasa\u017cerka autobusu.<\/h2>\n<p>Do zdarzenia dosz\u0142o na skrzy\u017cowaniu ul. Pod Borem i Ziemskiej, 23 listopada oko\u0142o godziny 12.45. Osoby b\u0119d\u0105ce jego \u015bwiadkami lub posiadaj\u0105ce wiedz\u0119 co do okoliczno\u015bci, proszone s\u0105 o kontakt z zabrza\u0144sk\u0105 policj\u0105.<\/p><div class=\"zabrz-a3-z-w-tresci-artykulow zabrz-entity-placement\" id=\"zabrz-2510530882\"><div class=\"zabrz-adlabel\"><span style=\"font-size: 9px\">REKLAMA<\/span><\/div><div id=\"zabrz-3406605548\" style=\"margin-bottom: 40px;margin-left: auto;margin-right: auto;text-align: center;\"><a data-no-instant=\"1\" href=\"https:\/\/ogrodyandersa.pl\/\" rel=\"noopener\" class=\"a2t-link\" target=\"_blank\" aria-label=\"20260415 Ogrody Andersa WYBIERZ MIESZKANIE D\"><img loading=\"lazy\" decoding=\"async\" src=\"https:\/\/www.24zabrze.pl\/wiadomosci\/wp-content\/uploads\/2026\/02\/20260415-Ogrody-Andersa-WYBIERZ-MIESZKANIE-D.jpg\" alt=\"\"  srcset=\"https:\/\/www.24zabrze.pl\/wiadomosci\/wp-content\/uploads\/2026\/02\/20260415-Ogrody-Andersa-WYBIERZ-MIESZKANIE-D.jpg 750w, https:\/\/www.24zabrze.pl\/wiadomosci\/wp-content\/uploads\/2026\/02\/20260415-Ogrody-Andersa-WYBIERZ-MIESZKANIE-D-410x109.jpg 410w\" sizes=\"(max-width: 750px) 100vw, 750px\" class=\"no-lazyload\" width=\"750\" height=\"200\"  style=\"display: inline-block; max-width: 100%; height: auto;\" \/><\/a><\/div><\/div>\n<p>&#8211; <em>Czynno\u015bci w sprawie prowadz\u0105 policjanci z Komendy Miejskiej Policji w Zabrzu. Osoby b\u0119d\u0105ce \u015bwiadkami tego zdarzenia b\u0105d\u017a posiadaj\u0105ce wiedz\u0119 co do okoliczno\u015bci proszone s\u0105 o kontakt z zespo\u0142em ds. wykrocze\u0144 zabrza\u0144skiej komendy tel. 47 8543 200, 47 8543 266, lub najbli\u017csz\u0105 jednostk\u0105 policji<\/em> &#8211; apeluje m\u0142. asp. <strong>Sebastian Bijok<\/strong>, oficer prasowy KMP Zabrze.<\/p>\n<p>(\u017cms)\/KMP Zabrze<br \/>\nfot. KMP Zabrze<\/p>\n","protected":false},"excerpt":{"rendered":"<p>Nieznany sprawca jad\u0105c samochodem, nie ust\u0105pi\u0142 pierwsze\u0144stwa przejazdu autobusowi linii numer 111, w wyniku czego ten musia\u0142 gwa\u0142townie zahamowa\u0107. W trakcie zdarzenia obra\u017ce\u0144 g\u0142owy dozna\u0142a 4-letnia pasa\u017cerka autobusu. Do zdarzenia dosz\u0142o na skrzy\u017cowaniu ul. Pod Borem i Ziemskiej, 23 listopada oko\u0142o godziny 12.45. Osoby b\u0119d\u0105ce jego \u015bwiadkami lub posiadaj\u0105ce wiedz\u0119 co do okoliczno\u015bci, proszone s\u0105 [&hellip;]<\/p>\n","protected":false},"author":17,"featured_media":91772,"comment_status":"closed","ping_status":"closed","sticky":false,"template":"","format":"standard","meta":{"_monsterinsights_skip_tracking":false,"_monsterinsights_sitenote_active":false,"_monsterinsights_sitenote_note":"","_monsterinsights_sitenote_category":0,"footnotes":"","_links_to":"","_links_to_target":""},"categories":[5,1],"tags":[],"class_list":["post-101737","post","type-post","status-publish","format-standard","has-post-thumbnail","hentry","category-prawo","category-wszystko"],"_links":{"self":[{"href":"https:\/\/www.24zabrze.pl\/wiadomosci\/wp-json\/wp\/v2\/posts\/101737","targetHints":{"allow":["GET"]}}],"collection":[{"href":"https:\/\/www.24zabrze.pl\/wiadomosci\/wp-json\/wp\/v2\/posts"}],"about":[{"href":"https:\/\/www.24zabrze.pl\/wiadomosci\/wp-json\/wp\/v2\/types\/post"}],"author":[{"embeddable":true,"href":"https:\/\/www.24zabrze.pl\/wiadomosci\/wp-json\/wp\/v2\/users\/17"}],"replies":[{"embeddable":true,"href":"https:\/\/www.24zabrze.pl\/wiadomosci\/wp-json\/wp\/v2\/comments?post=101737"}],"version-history":[{"count":0,"href":"https:\/\/www.24zabrze.pl\/wiadomosci\/wp-json\/wp\/v2\/posts\/101737\/revisions"}],"wp:featuredmedia":[{"embeddable":true,"href":"https:\/\/www.24zabrze.pl\/wiadomosci\/wp-json\/wp\/v2\/media\/91772"}],"wp:attachment":[{"href":"https:\/\/www.24zabrze.pl\/wiadomosci\/wp-json\/wp\/v2\/media?parent=101737"}],"wp:term":[{"taxonomy":"category","embeddable":true,"href":"https:\/\/www.24zabrze.pl\/wiadomosci\/wp-json\/wp\/v2\/categories?post=101737"},{"taxonomy":"post_tag","embeddable":true,"href":"https:\/\/www.24zabrze.pl\/wiadomosci\/wp-json\/wp\/v2\/tags?post=101737"}],"curies":[{"name":"wp","href":"https:\/\/api.w.org\/{rel}","templated":true}]}}